{"id":1746,"date":"2021-05-18T15:26:06","date_gmt":"2021-05-18T15:26:06","guid":{"rendered":"http:\/\/www.iesclaracampoamor.org\/clara\/?p=1746"},"modified":"2021-05-18T15:30:45","modified_gmt":"2021-05-18T15:30:45","slug":"ii-concurso-de-microrrelatos-benjamin-de-serafad","status":"publish","type":"post","link":"https:\/\/www.iesclaracampoamor.org\/clara\/2021\/05\/18\/ii-concurso-de-microrrelatos-benjamin-de-serafad\/","title":{"rendered":"II Concurso de Microrrelatos Benjam\u00edn de Serafad"},"content":{"rendered":"\t\t<div data-elementor-type=\"wp-post\" data-elementor-id=\"1746\" class=\"elementor elementor-1746\">\n\t\t\t\t\t\t\t\t\t<section class=\"elementor-section elementor-top-section elementor-element elementor-element-e60f64d elementor-section-boxed elementor-section-height-default elementor-section-height-default\" data-id=\"e60f64d\" data-element_type=\"section\">\n\t\t\t\t\t\t<div class=\"elementor-container elementor-column-gap-default\">\n\t\t\t\t\t<div class=\"elementor-column elementor-col-100 elementor-top-column elementor-element elementor-element-5e8095b\" data-id=\"5e8095b\" data-element_type=\"column\">\n\t\t\t<div class=\"elementor-widget-wrap elementor-element-populated\">\n\t\t\t\t\t\t\t\t<div class=\"elementor-element elementor-element-c2e314c elementor-widget elementor-widget-text-editor\" data-id=\"c2e314c\" data-element_type=\"widget\" data-widget_type=\"text-editor.default\">\n\t\t\t\t<div class=\"elementor-widget-container\">\n\t\t\t\t\t\t\t<p>Hace unos d\u00edas, los alumnos de nuestro Centro Jes\u00fas Oliveros Beret, Araceli Ojeda Pineda y Elisa Hurtado G\u00e1lvez recibieron de manos de la Concejala de Educaci\u00f3n y maestra del CEIP Al-Yussana, Lourdes Parra, el reconocimiento de la Red de Juder\u00edas de Espa\u00f1a por su excelente participaci\u00f3n en el II Concurso de Microrrelatos Benjam\u00edn de Serafad en su edici\u00f3n de 2020. No pudieron recibir por la situaci\u00f3n de pandemia del pasado curso este reconocimiento, que supone la Edici\u00f3n Libro de su microrrelato, por lo que Lourdes Parra y su tutora, Rosario Ariza S\u00e1nchez, se pasaron por nuestro Centro para darles la sorpresa. Enhorabuena!!!<\/p>\t\t\t\t\t\t<\/div>\n\t\t\t\t<\/div>\n\t\t\t\t\t<\/div>\n\t\t<\/div>\n\t\t\t\t\t\t\t<\/div>\n\t\t<\/section>\n\t\t\t\t<section class=\"elementor-section elementor-top-section elementor-element elementor-element-b4cb424 elementor-section-boxed elementor-section-height-default elementor-section-height-default\" data-id=\"b4cb424\" data-element_type=\"section\">\n\t\t\t\t\t\t<div class=\"elementor-container elementor-column-gap-default\">\n\t\t\t\t\t<div class=\"elementor-column elementor-col-50 elementor-top-column elementor-element elementor-element-aaf9e1a\" data-id=\"aaf9e1a\" data-element_type=\"column\">\n\t\t\t<div class=\"elementor-widget-wrap elementor-element-populated\">\n\t\t\t\t\t\t\t\t<div class=\"elementor-element elementor-element-d9ef23a elementor-widget elementor-widget-image\" data-id=\"d9ef23a\" data-element_type=\"widget\" data-widget_type=\"image.default\">\n\t\t\t\t<div class=\"elementor-widget-container\">\n\t\t\t\t\t\t\t\t\t\t\t\t\t\t\t<img loading=\"lazy\" decoding=\"async\" width=\"768\" height=\"1024\" src=\"https:\/\/www.iesclaracampoamor.org\/clara\/wp-content\/uploads\/2021\/05\/WhatsApp-Image-2021-05-18-at-11.08.07-1-768x1024.jpeg\" class=\"attachment-large size-large wp-image-1748\" alt=\"\" srcset=\"https:\/\/www.iesclaracampoamor.org\/clara\/wp-content\/uploads\/2021\/05\/WhatsApp-Image-2021-05-18-at-11.08.07-1-768x1024.jpeg 768w, https:\/\/www.iesclaracampoamor.org\/clara\/wp-content\/uploads\/2021\/05\/WhatsApp-Image-2021-05-18-at-11.08.07-1-225x300.jpeg 225w, https:\/\/www.iesclaracampoamor.org\/clara\/wp-content\/uploads\/2021\/05\/WhatsApp-Image-2021-05-18-at-11.08.07-1-1152x1536.jpeg 1152w, https:\/\/www.iesclaracampoamor.org\/clara\/wp-content\/uploads\/2021\/05\/WhatsApp-Image-2021-05-18-at-11.08.07-1.jpeg 1536w\" sizes=\"auto, (max-width: 768px) 100vw, 768px\" \/>\t\t\t\t\t\t\t\t\t\t\t\t\t\t\t<\/div>\n\t\t\t\t<\/div>\n\t\t\t\t\t<\/div>\n\t\t<\/div>\n\t\t\t\t<div class=\"elementor-column elementor-col-50 elementor-top-column elementor-element elementor-element-452593f\" data-id=\"452593f\" data-element_type=\"column\">\n\t\t\t<div class=\"elementor-widget-wrap elementor-element-populated\">\n\t\t\t\t\t\t\t\t<div class=\"elementor-element elementor-element-b9b2727 elementor-widget elementor-widget-image\" data-id=\"b9b2727\" data-element_type=\"widget\" data-widget_type=\"image.default\">\n\t\t\t\t<div class=\"elementor-widget-container\">\n\t\t\t\t\t\t\t\t\t\t\t\t\t\t\t<img loading=\"lazy\" decoding=\"async\" width=\"768\" height=\"1024\" src=\"https:\/\/www.iesclaracampoamor.org\/clara\/wp-content\/uploads\/2021\/05\/WhatsApp-Image-2021-05-18-at-11.08.08-768x1024.jpeg\" class=\"attachment-large size-large wp-image-1750\" alt=\"\" srcset=\"https:\/\/www.iesclaracampoamor.org\/clara\/wp-content\/uploads\/2021\/05\/WhatsApp-Image-2021-05-18-at-11.08.08-768x1024.jpeg 768w, https:\/\/www.iesclaracampoamor.org\/clara\/wp-content\/uploads\/2021\/05\/WhatsApp-Image-2021-05-18-at-11.08.08-225x300.jpeg 225w, https:\/\/www.iesclaracampoamor.org\/clara\/wp-content\/uploads\/2021\/05\/WhatsApp-Image-2021-05-18-at-11.08.08-1152x1536.jpeg 1152w, https:\/\/www.iesclaracampoamor.org\/clara\/wp-content\/uploads\/2021\/05\/WhatsApp-Image-2021-05-18-at-11.08.08.jpeg 1536w\" sizes=\"auto, (max-width: 768px) 100vw, 768px\" \/>\t\t\t\t\t\t\t\t\t\t\t\t\t\t\t<\/div>\n\t\t\t\t<\/div>\n\t\t\t\t\t<\/div>\n\t\t<\/div>\n\t\t\t\t\t\t\t<\/div>\n\t\t<\/section>\n\t\t\t\t\t\t\t<\/div>\n\t\t","protected":false},"excerpt":{"rendered":"<p>Hace unos d\u00edas, los alumnos de nuestro Centro Jes\u00fas Oliveros Beret, Araceli Ojeda Pineda y Elisa Hurtado G\u00e1lvez recibieron de manos de la Concejala de Educaci\u00f3n y maestra del CEIP Al-Yussana, Lourdes Parra, el reconocimiento de la Red de Juder\u00edas de Espa\u00f1a por su excelente participaci\u00f3n en el II Concurso de Microrrelatos Benjam\u00edn de Serafad &hellip;<\/p>\n<p class=\"read-more\"> <a class=\"\" href=\"https:\/\/www.iesclaracampoamor.org\/clara\/2021\/05\/18\/ii-concurso-de-microrrelatos-benjamin-de-serafad\/\"> <span class=\"screen-reader-text\">II Concurso de Microrrelatos Benjam\u00edn de Serafad<\/span> Leer m\u00e1s &raquo;<\/a><\/p>\n","protected":false},"author":1,"featured_media":1749,"comment_status":"open","ping_status":"closed","sticky":false,"template":"","format":"standard","meta":{"site-sidebar-layout":"default","site-content-layout":"default","ast-site-content-layout":"","site-content-style":"default","site-sidebar-style":"default","ast-global-header-display":"","ast-banner-title-visibility":"","ast-main-header-display":"","ast-hfb-above-header-display":"","ast-hfb-below-header-display":"","ast-hfb-mobile-header-display":"","site-post-title":"","ast-breadcrumbs-content":"","ast-featured-img":"","footer-sml-layout":"","theme-transparent-header-meta":"default","adv-header-id-meta":"","stick-header-meta":"","header-above-stick-meta":"","header-main-stick-meta":"","header-below-stick-meta":"","astra-migrate-meta-layouts":"","ast-page-background-enabled":"default","ast-page-background-meta":{"desktop":{"background-color":"","background-image":"","background-repeat":"repeat","background-position":"center center","background-size":"auto","background-attachment":"scroll","background-type":"","background-media":"","overlay-type":"","overlay-color":"","overlay-gradient":""},"tablet":{"background-color":"","background-image":"","background-repeat":"repeat","background-position":"center center","background-size":"auto","background-attachment":"scroll","background-type":"","background-media":"","overlay-type":"","overlay-color":"","overlay-gradient":""},"mobile":{"background-color":"","background-image":"","background-repeat":"repeat","background-position":"center center","background-size":"auto","background-attachment":"scroll","background-type":"","background-media":"","overlay-type":"","overlay-color":"","overlay-gradient":""}},"ast-content-background-meta":{"desktop":{"background-color":"var(--ast-global-color-5)","background-image":"","background-repeat":"repeat","background-position":"center center","background-size":"auto","background-attachment":"scroll","background-type":"","background-media":"","overlay-type":"","overlay-color":"","overlay-gradient":""},"tablet":{"background-color":"var(--ast-global-color-5)","background-image":"","background-repeat":"repeat","background-position":"center center","background-size":"auto","background-attachment":"scroll","background-type":"","background-media":"","overlay-type":"","overlay-color":"","overlay-gradient":""},"mobile":{"background-color":"var(--ast-global-color-5)","background-image":"","background-repeat":"repeat","background-position":"center center","background-size":"auto","background-attachment":"scroll","background-type":"","background-media":"","overlay-type":"","overlay-color":"","overlay-gradient":""}},"footnotes":""},"categories":[1],"tags":[66],"class_list":["post-1746","post","type-post","status-publish","format-standard","has-post-thumbnail","hentry","category-general","tag-benjamin-de-serafad"],"_links":{"self":[{"href":"https:\/\/www.iesclaracampoamor.org\/clara\/wp-json\/wp\/v2\/posts\/1746","targetHints":{"allow":["GET"]}}],"collection":[{"href":"https:\/\/www.iesclaracampoamor.org\/clara\/wp-json\/wp\/v2\/posts"}],"about":[{"href":"https:\/\/www.iesclaracampoamor.org\/clara\/wp-json\/wp\/v2\/types\/post"}],"author":[{"embeddable":true,"href":"https:\/\/www.iesclaracampoamor.org\/clara\/wp-json\/wp\/v2\/users\/1"}],"replies":[{"embeddable":true,"href":"https:\/\/www.iesclaracampoamor.org\/clara\/wp-json\/wp\/v2\/comments?post=1746"}],"version-history":[{"count":5,"href":"https:\/\/www.iesclaracampoamor.org\/clara\/wp-json\/wp\/v2\/posts\/1746\/revisions"}],"predecessor-version":[{"id":1754,"href":"https:\/\/www.iesclaracampoamor.org\/clara\/wp-json\/wp\/v2\/posts\/1746\/revisions\/1754"}],"wp:featuredmedia":[{"embeddable":true,"href":"https:\/\/www.iesclaracampoamor.org\/clara\/wp-json\/wp\/v2\/media\/1749"}],"wp:attachment":[{"href":"https:\/\/www.iesclaracampoamor.org\/clara\/wp-json\/wp\/v2\/media?parent=1746"}],"wp:term":[{"taxonomy":"category","embeddable":true,"href":"https:\/\/www.iesclaracampoamor.org\/clara\/wp-json\/wp\/v2\/categories?post=1746"},{"taxonomy":"post_tag","embeddable":true,"href":"https:\/\/www.iesclaracampoamor.org\/clara\/wp-json\/wp\/v2\/tags?post=1746"}],"curies":[{"name":"wp","href":"https:\/\/api.w.org\/{rel}","templated":true}]}}