{"id":1863,"date":"2021-06-25T08:29:22","date_gmt":"2021-06-25T08:29:22","guid":{"rendered":"http:\/\/www.iesclaracampoamor.org\/clara\/?p=1863"},"modified":"2021-06-25T08:56:14","modified_gmt":"2021-06-25T08:56:14","slug":"entrega-de-premios-mi-libro-preferido","status":"publish","type":"post","link":"https:\/\/www.iesclaracampoamor.org\/clara\/2021\/06\/25\/entrega-de-premios-mi-libro-preferido\/","title":{"rendered":"Entrega de premios \u00abMi libro preferido\u00bb"},"content":{"rendered":"\t\t<div data-elementor-type=\"wp-post\" data-elementor-id=\"1863\" class=\"elementor elementor-1863\">\n\t\t\t\t\t\t\t\t\t<section class=\"elementor-section elementor-top-section elementor-element elementor-element-cc1f4f6 elementor-section-boxed elementor-section-height-default elementor-section-height-default\" data-id=\"cc1f4f6\" data-element_type=\"section\">\n\t\t\t\t\t\t<div class=\"elementor-container elementor-column-gap-default\">\n\t\t\t\t\t<div class=\"elementor-column elementor-col-100 elementor-top-column elementor-element elementor-element-28557e8\" data-id=\"28557e8\" data-element_type=\"column\">\n\t\t\t<div class=\"elementor-widget-wrap elementor-element-populated\">\n\t\t\t\t\t\t\t\t<div class=\"elementor-element elementor-element-0b5a86d elementor-widget elementor-widget-text-editor\" data-id=\"0b5a86d\" data-element_type=\"widget\" data-widget_type=\"text-editor.default\">\n\t\t\t\t<div class=\"elementor-widget-container\">\n\t\t\t\t\t\t\t<p><span style=\"font-family: comic sans ms, sans-serif;\">La campa\u00f1a va destinada a alumnado de 1\u00ba y 2\u00ba de Educaci\u00f3n Secundaria Obligatoria matriculados en Centros Educativos de las ocho provincias andaluzas, ya sean de ense\u00f1anza p\u00fablica, concertada o privada. Se<\/span><span style=\"font-family: comic sans ms, sans-serif;\">\u00a0trata de un concurso para el fomento de la lectura y la escritura que recoge los comentarios o reflexiones escritas por un alumno\/a a prop\u00f3sito de un libro que haya le\u00eddo y que le haya impresionado o gustado. Este relato es revisado y supervisado por un profesor implicado, en este caso, la profesora \u00c1ngela de la Cruz Jim\u00e9nez Jim\u00e9nez.<\/span><\/p><div dir=\"auto\">\u00a0<\/div><div dir=\"auto\"><span style=\"font-family: comic sans ms, sans-serif;\">Nuestra alumna M\u00edriam Alba Hurtado, de 1\u00ba ESO C ha resultado ganadora del primer premio en la provincia de C\u00f3rdoba. Por lo que ella junto a su familia y su profesora \u00c1ngela de la Cruz fueron invitadas junto a las ganadoras del primer premio de cada provincia, a la Gala de Entrega de Premios el pasado 10 de junio a Sevilla. M\u00edriam recibi\u00f3 como premio una tableta que incluye una selecci\u00f3n digital de lecturas juveniles, as\u00ed como un libro dedicado por un autor del Grupo Planeta. Su profesora, una tableta y una selecci\u00f3n de libros juveniles para el centro en formato papel.<\/span><\/div><div dir=\"auto\">\u00a0<\/div><div dir=\"auto\">El relato ganador de la alumna\u00a0<b>M\u00edriam Alba Hurtado\u00a0<\/b>est\u00e1 inspirado en el libro \u00abEl Principito\u00bb, un regalo que recibi\u00f3 de su familia hace unos a\u00f1os y que sin duda, ahora ha marcado su vida. Su relato se puede leer en el siguiente enlace del Concurso \u00abMi Libro Preferido\u00bb:<\/div><div dir=\"auto\">\u00a0<\/div><div dir=\"auto\"><a href=\"http:\/\/milibropreferido.es\/2021\/la-viii-edicion-del-concurso-mi-libro-preferido-finaliza-con-la-participacion-de-mas-de-240-centros-andaluces\/\" target=\"_blank\" rel=\"noopener\">http:\/\/milibropreferido.es\/2021\/la-viii-edicion-del-concurso-mi-libro-preferido-finaliza-con-la-participacion-de-mas-de-240-centros-andaluces\/<\/a><\/div><div dir=\"auto\">\u00a0<\/div><div>La Gala completa se puede ver completa en el siguiente enlace (intervenci\u00f3n de M\u00edriam en el minuto 50&#8242; 40\u00bb).\u00a0<\/div><div>\u00a0<\/div><div><a href=\"https:\/\/www.youtube.com\/watch?v=ZXIQ4aLZ3Ys\">https:\/\/www.youtube.com\/watch?v=ZXIQ4aLZ3Ys<\/a><\/div><div>\u00a0<\/div><div>Por \u00faltimo, la profesora \u00c1ngela de la Cruz Jim\u00e9nez J. y M\u00edriam Alba\u00a0fueron entrevistadas adem\u00e1s por el Programa de radio Radio Andaluc\u00eda Informaci\u00f3n, de Canal Sur. La entrevista se puede o\u00edr en este enlace:<\/div><div dir=\"auto\"><span style=\"font-family: comic sans ms, sans-serif;\">\u00a0<\/span><\/div><div dir=\"auto\"><a href=\"https:\/\/www.canalsur.es\/multimedia.html?id=1726613\" target=\"_blank\" rel=\"noopener\">https:\/\/www.canalsur.es\/multimedia.html?id=1726613<\/a>\u00a0 (minuto 8&#8242; 20\u00bb)<\/div>\t\t\t\t\t\t<\/div>\n\t\t\t\t<\/div>\n\t\t\t\t\t<\/div>\n\t\t<\/div>\n\t\t\t\t\t\t\t<\/div>\n\t\t<\/section>\n\t\t\t\t<section class=\"elementor-section elementor-top-section elementor-element elementor-element-81e21ee elementor-section-boxed elementor-section-height-default elementor-section-height-default\" data-id=\"81e21ee\" data-element_type=\"section\">\n\t\t\t\t\t\t<div class=\"elementor-container elementor-column-gap-default\">\n\t\t\t\t\t<div class=\"elementor-column elementor-col-50 elementor-top-column elementor-element elementor-element-af6a251\" data-id=\"af6a251\" data-element_type=\"column\">\n\t\t\t<div class=\"elementor-widget-wrap elementor-element-populated\">\n\t\t\t\t\t\t\t\t<div class=\"elementor-element elementor-element-ca575c8 elementor-widget__width-initial elementor-widget elementor-widget-video\" data-id=\"ca575c8\" data-element_type=\"widget\" data-settings=\"{&quot;video_type&quot;:&quot;hosted&quot;,&quot;autoplay&quot;:&quot;yes&quot;,&quot;play_on_mobile&quot;:&quot;yes&quot;,&quot;controls&quot;:&quot;yes&quot;}\" data-widget_type=\"video.default\">\n\t\t\t\t<div class=\"elementor-widget-container\">\n\t\t\t\t\t<div class=\"e-hosted-video elementor-wrapper elementor-open-inline\">\n\t\t\t\t\t<video class=\"elementor-video\" src=\"https:\/\/www.iesclaracampoamor.org\/clara\/wp-content\/uploads\/2021\/06\/videogala.mp4\" autoplay=\"\" controls=\"\" playsinline=\"\" controlsList=\"nodownload\"><\/video>\n\t\t\t\t<\/div>\n\t\t\t\t<\/div>\n\t\t\t\t<\/div>\n\t\t\t\t\t<\/div>\n\t\t<\/div>\n\t\t\t\t<div class=\"elementor-column elementor-col-50 elementor-top-column elementor-element elementor-element-a93e2ab\" data-id=\"a93e2ab\" data-element_type=\"column\">\n\t\t\t<div class=\"elementor-widget-wrap elementor-element-populated\">\n\t\t\t\t\t\t\t\t<div class=\"elementor-element elementor-element-6dbe52d elementor-widget elementor-widget-image\" data-id=\"6dbe52d\" data-element_type=\"widget\" data-widget_type=\"image.default\">\n\t\t\t\t<div class=\"elementor-widget-container\">\n\t\t\t\t\t\t\t\t\t\t\t\t\t\t\t<img loading=\"lazy\" decoding=\"async\" width=\"713\" height=\"1024\" src=\"https:\/\/www.iesclaracampoamor.org\/clara\/wp-content\/uploads\/2021\/06\/IMG_20210525_104026-713x1024.jpg\" class=\"attachment-large size-large wp-image-1865\" alt=\"\" srcset=\"https:\/\/www.iesclaracampoamor.org\/clara\/wp-content\/uploads\/2021\/06\/IMG_20210525_104026-713x1024.jpg 713w, https:\/\/www.iesclaracampoamor.org\/clara\/wp-content\/uploads\/2021\/06\/IMG_20210525_104026-209x300.jpg 209w, https:\/\/www.iesclaracampoamor.org\/clara\/wp-content\/uploads\/2021\/06\/IMG_20210525_104026-768x1103.jpg 768w, https:\/\/www.iesclaracampoamor.org\/clara\/wp-content\/uploads\/2021\/06\/IMG_20210525_104026-1070x1536.jpg 1070w, https:\/\/www.iesclaracampoamor.org\/clara\/wp-content\/uploads\/2021\/06\/IMG_20210525_104026-1426x2048.jpg 1426w, https:\/\/www.iesclaracampoamor.org\/clara\/wp-content\/uploads\/2021\/06\/IMG_20210525_104026-scaled.jpg 1783w\" sizes=\"auto, (max-width: 713px) 100vw, 713px\" \/>\t\t\t\t\t\t\t\t\t\t\t\t\t\t\t<\/div>\n\t\t\t\t<\/div>\n\t\t\t\t\t<\/div>\n\t\t<\/div>\n\t\t\t\t\t\t\t<\/div>\n\t\t<\/section>\n\t\t\t\t\t\t\t<\/div>\n\t\t","protected":false},"excerpt":{"rendered":"<p>La campa\u00f1a va destinada a alumnado de 1\u00ba y 2\u00ba de Educaci\u00f3n Secundaria Obligatoria matriculados en Centros Educativos de las ocho provincias andaluzas, ya sean de ense\u00f1anza p\u00fablica, concertada o privada. Se\u00a0trata de un concurso para el fomento de la lectura y la escritura que recoge los comentarios o reflexiones escritas por un alumno\/a a &hellip;<\/p>\n<p class=\"read-more\"> <a class=\"\" href=\"https:\/\/www.iesclaracampoamor.org\/clara\/2021\/06\/25\/entrega-de-premios-mi-libro-preferido\/\"> <span class=\"screen-reader-text\">Entrega de premios \u00abMi libro preferido\u00bb<\/span> Leer m\u00e1s &raquo;<\/a><\/p>\n","protected":false},"author":1,"featured_media":1867,"comment_status":"open","ping_status":"closed","sticky":false,"template":"","format":"standard","meta":{"site-sidebar-layout":"default","site-content-layout":"default","ast-site-content-layout":"","site-content-style":"default","site-sidebar-style":"default","ast-global-header-display":"","ast-banner-title-visibility":"","ast-main-header-display":"","ast-hfb-above-header-display":"","ast-hfb-below-header-display":"","ast-hfb-mobile-header-display":"","site-post-title":"","ast-breadcrumbs-content":"","ast-featured-img":"","footer-sml-layout":"","theme-transparent-header-meta":"default","adv-header-id-meta":"","stick-header-meta":"","header-above-stick-meta":"","header-main-stick-meta":"","header-below-stick-meta":"","astra-migrate-meta-layouts":"","ast-page-background-enabled":"default","ast-page-background-meta":{"desktop":{"background-color":"","background-image":"","background-repeat":"repeat","background-position":"center center","background-size":"auto","background-attachment":"scroll","background-type":"","background-media":"","overlay-type":"","overlay-color":"","overlay-gradient":""},"tablet":{"background-color":"","background-image":"","background-repeat":"repeat","background-position":"center center","background-size":"auto","background-attachment":"scroll","background-type":"","background-media":"","overlay-type":"","overlay-color":"","overlay-gradient":""},"mobile":{"background-color":"","background-image":"","background-repeat":"repeat","background-position":"center center","background-size":"auto","background-attachment":"scroll","background-type":"","background-media":"","overlay-type":"","overlay-color":"","overlay-gradient":""}},"ast-content-background-meta":{"desktop":{"background-color":"var(--ast-global-color-5)","background-image":"","background-repeat":"repeat","background-position":"center center","background-size":"auto","background-attachment":"scroll","background-type":"","background-media":"","overlay-type":"","overlay-color":"","overlay-gradient":""},"tablet":{"background-color":"var(--ast-global-color-5)","background-image":"","background-repeat":"repeat","background-position":"center center","background-size":"auto","background-attachment":"scroll","background-type":"","background-media":"","overlay-type":"","overlay-color":"","overlay-gradient":""},"mobile":{"background-color":"var(--ast-global-color-5)","background-image":"","background-repeat":"repeat","background-position":"center center","background-size":"auto","background-attachment":"scroll","background-type":"","background-media":"","overlay-type":"","overlay-color":"","overlay-gradient":""}},"footnotes":""},"categories":[1],"tags":[70],"class_list":["post-1863","post","type-post","status-publish","format-standard","has-post-thumbnail","hentry","category-general","tag-mi-libro-preferido"],"_links":{"self":[{"href":"https:\/\/www.iesclaracampoamor.org\/clara\/wp-json\/wp\/v2\/posts\/1863","targetHints":{"allow":["GET"]}}],"collection":[{"href":"https:\/\/www.iesclaracampoamor.org\/clara\/wp-json\/wp\/v2\/posts"}],"about":[{"href":"https:\/\/www.iesclaracampoamor.org\/clara\/wp-json\/wp\/v2\/types\/post"}],"author":[{"embeddable":true,"href":"https:\/\/www.iesclaracampoamor.org\/clara\/wp-json\/wp\/v2\/users\/1"}],"replies":[{"embeddable":true,"href":"https:\/\/www.iesclaracampoamor.org\/clara\/wp-json\/wp\/v2\/comments?post=1863"}],"version-history":[{"count":17,"href":"https:\/\/www.iesclaracampoamor.org\/clara\/wp-json\/wp\/v2\/posts\/1863\/revisions"}],"predecessor-version":[{"id":1885,"href":"https:\/\/www.iesclaracampoamor.org\/clara\/wp-json\/wp\/v2\/posts\/1863\/revisions\/1885"}],"wp:featuredmedia":[{"embeddable":true,"href":"https:\/\/www.iesclaracampoamor.org\/clara\/wp-json\/wp\/v2\/media\/1867"}],"wp:attachment":[{"href":"https:\/\/www.iesclaracampoamor.org\/clara\/wp-json\/wp\/v2\/media?parent=1863"}],"wp:term":[{"taxonomy":"category","embeddable":true,"href":"https:\/\/www.iesclaracampoamor.org\/clara\/wp-json\/wp\/v2\/categories?post=1863"},{"taxonomy":"post_tag","embeddable":true,"href":"https:\/\/www.iesclaracampoamor.org\/clara\/wp-json\/wp\/v2\/tags?post=1863"}],"curies":[{"name":"wp","href":"https:\/\/api.w.org\/{rel}","templated":true}]}}