{"id":1919,"date":"2021-06-28T15:20:55","date_gmt":"2021-06-28T15:20:55","guid":{"rendered":"http:\/\/www.iesclaracampoamor.org\/clara\/?p=1919"},"modified":"2021-06-28T15:23:40","modified_gmt":"2021-06-28T15:23:40","slug":"podio-para-carolina","status":"publish","type":"post","link":"https:\/\/www.iesclaracampoamor.org\/clara\/2021\/06\/28\/podio-para-carolina\/","title":{"rendered":"Podio para Carolina"},"content":{"rendered":"\t\t<div data-elementor-type=\"wp-post\" data-elementor-id=\"1919\" class=\"elementor elementor-1919\">\n\t\t\t\t\t\t\t\t\t<section class=\"elementor-section elementor-top-section elementor-element elementor-element-72138af elementor-section-boxed elementor-section-height-default elementor-section-height-default\" data-id=\"72138af\" data-element_type=\"section\">\n\t\t\t\t\t\t<div class=\"elementor-container elementor-column-gap-default\">\n\t\t\t\t\t<div class=\"elementor-column elementor-col-100 elementor-top-column elementor-element elementor-element-59375ab\" data-id=\"59375ab\" data-element_type=\"column\">\n\t\t\t<div class=\"elementor-widget-wrap elementor-element-populated\">\n\t\t\t\t\t\t\t\t<div class=\"elementor-element elementor-element-f97df46 elementor-widget elementor-widget-text-editor\" data-id=\"f97df46\" data-element_type=\"widget\" data-widget_type=\"text-editor.default\">\n\t\t\t\t<div class=\"elementor-widget-container\">\n\t\t\t\t\t\t\t<p>Carolina Carrasco, de 1\u00baC, ha participado este s\u00e1bado en el Campeonato de Espa\u00f1a Cadete con la Federaci\u00f3n de Andaluc\u00eda de Taekwondo quedando en tercer lugar.<br \/>Magn\u00edfica actuaci\u00f3n la realizada por Carolina representando a Andaluc\u00eda de los cuales uno de los combates gan\u00f3 por KO.<\/p>\t\t\t\t\t\t<\/div>\n\t\t\t\t<\/div>\n\t\t\t\t\t<\/div>\n\t\t<\/div>\n\t\t\t\t\t\t\t<\/div>\n\t\t<\/section>\n\t\t\t\t\t\t\t<\/div>\n\t\t","protected":false},"excerpt":{"rendered":"<p>Carolina Carrasco, de 1\u00baC, ha participado este s\u00e1bado en el Campeonato de Espa\u00f1a Cadete con la Federaci\u00f3n de Andaluc\u00eda de Taekwondo quedando en tercer lugar. Magn\u00edfica actuaci\u00f3n la realizada por Carolina representando a Andaluc\u00eda de los cuales uno de los combates gan\u00f3 por KO.<\/p>\n","protected":false},"author":1,"featured_media":1921,"comment_status":"open","ping_status":"closed","sticky":false,"template":"","format":"standard","meta":{"site-sidebar-layout":"default","site-content-layout":"default","ast-site-content-layout":"","site-content-style":"default","site-sidebar-style":"default","ast-global-header-display":"","ast-banner-title-visibility":"","ast-main-header-display":"","ast-hfb-above-header-display":"","ast-hfb-below-header-display":"","ast-hfb-mobile-header-display":"","site-post-title":"","ast-breadcrumbs-content":"","ast-featured-img":"","footer-sml-layout":"","theme-transparent-header-meta":"default","adv-header-id-meta":"","stick-header-meta":"","header-above-stick-meta":"","header-main-stick-meta":"","header-below-stick-meta":"","astra-migrate-meta-layouts":"","ast-page-background-enabled":"default","ast-page-background-meta":{"desktop":{"background-color":"","background-image":"","background-repeat":"repeat","background-position":"center center","background-size":"auto","background-attachment":"scroll","background-type":"","background-media":"","overlay-type":"","overlay-color":"","overlay-gradient":""},"tablet":{"background-color":"","background-image":"","background-repeat":"repeat","background-position":"center center","background-size":"auto","background-attachment":"scroll","background-type":"","background-media":"","overlay-type":"","overlay-color":"","overlay-gradient":""},"mobile":{"background-color":"","background-image":"","background-repeat":"repeat","background-position":"center center","background-size":"auto","background-attachment":"scroll","background-type":"","background-media":"","overlay-type":"","overlay-color":"","overlay-gradient":""}},"ast-content-background-meta":{"desktop":{"background-color":"var(--ast-global-color-5)","background-image":"","background-repeat":"repeat","background-position":"center center","background-size":"auto","background-attachment":"scroll","background-type":"","background-media":"","overlay-type":"","overlay-color":"","overlay-gradient":""},"tablet":{"background-color":"var(--ast-global-color-5)","background-image":"","background-repeat":"repeat","background-position":"center center","background-size":"auto","background-attachment":"scroll","background-type":"","background-media":"","overlay-type":"","overlay-color":"","overlay-gradient":""},"mobile":{"background-color":"var(--ast-global-color-5)","background-image":"","background-repeat":"repeat","background-position":"center center","background-size":"auto","background-attachment":"scroll","background-type":"","background-media":"","overlay-type":"","overlay-color":"","overlay-gradient":""}},"footnotes":""},"categories":[1],"tags":[],"class_list":["post-1919","post","type-post","status-publish","format-standard","has-post-thumbnail","hentry","category-general"],"_links":{"self":[{"href":"https:\/\/www.iesclaracampoamor.org\/clara\/wp-json\/wp\/v2\/posts\/1919","targetHints":{"allow":["GET"]}}],"collection":[{"href":"https:\/\/www.iesclaracampoamor.org\/clara\/wp-json\/wp\/v2\/posts"}],"about":[{"href":"https:\/\/www.iesclaracampoamor.org\/clara\/wp-json\/wp\/v2\/types\/post"}],"author":[{"embeddable":true,"href":"https:\/\/www.iesclaracampoamor.org\/clara\/wp-json\/wp\/v2\/users\/1"}],"replies":[{"embeddable":true,"href":"https:\/\/www.iesclaracampoamor.org\/clara\/wp-json\/wp\/v2\/comments?post=1919"}],"version-history":[{"count":5,"href":"https:\/\/www.iesclaracampoamor.org\/clara\/wp-json\/wp\/v2\/posts\/1919\/revisions"}],"predecessor-version":[{"id":1925,"href":"https:\/\/www.iesclaracampoamor.org\/clara\/wp-json\/wp\/v2\/posts\/1919\/revisions\/1925"}],"wp:featuredmedia":[{"embeddable":true,"href":"https:\/\/www.iesclaracampoamor.org\/clara\/wp-json\/wp\/v2\/media\/1921"}],"wp:attachment":[{"href":"https:\/\/www.iesclaracampoamor.org\/clara\/wp-json\/wp\/v2\/media?parent=1919"}],"wp:term":[{"taxonomy":"category","embeddable":true,"href":"https:\/\/www.iesclaracampoamor.org\/clara\/wp-json\/wp\/v2\/categories?post=1919"},{"taxonomy":"post_tag","embeddable":true,"href":"https:\/\/www.iesclaracampoamor.org\/clara\/wp-json\/wp\/v2\/tags?post=1919"}],"curies":[{"name":"wp","href":"https:\/\/api.w.org\/{rel}","templated":true}]}}