{"id":2014,"date":"2021-10-17T17:01:47","date_gmt":"2021-10-17T17:01:47","guid":{"rendered":"http:\/\/www.iesclaracampoamor.org\/clara\/?p=2014"},"modified":"2021-10-20T15:56:21","modified_gmt":"2021-10-20T15:56:21","slug":"renovacion-del-consejo-escolar","status":"publish","type":"post","link":"https:\/\/www.iesclaracampoamor.org\/clara\/2021\/10\/17\/renovacion-del-consejo-escolar\/","title":{"rendered":"Renovaci\u00f3n del consejo Escolar"},"content":{"rendered":"\t\t<div data-elementor-type=\"wp-post\" data-elementor-id=\"2014\" class=\"elementor elementor-2014\">\n\t\t\t\t\t\t\t\t\t<section class=\"elementor-section elementor-top-section elementor-element elementor-element-286e2a6 elementor-section-boxed elementor-section-height-default elementor-section-height-default\" data-id=\"286e2a6\" data-element_type=\"section\">\n\t\t\t\t\t\t<div class=\"elementor-container elementor-column-gap-default\">\n\t\t\t\t\t<div class=\"elementor-column elementor-col-100 elementor-top-column elementor-element elementor-element-fde51b7\" data-id=\"fde51b7\" data-element_type=\"column\">\n\t\t\t<div class=\"elementor-widget-wrap elementor-element-populated\">\n\t\t\t\t\t\t\t\t<div class=\"elementor-element elementor-element-43bb66a elementor-widget elementor-widget-text-editor\" data-id=\"43bb66a\" data-element_type=\"widget\" data-widget_type=\"text-editor.default\">\n\t\t\t\t<div class=\"elementor-widget-container\">\n\t\t\t\t\t\t\t<p><br \/>Durante este curso escolar se va a proceder a la renovaci\u00f3n del Consejo Escolar. Ya se encuentra constituida la Junta Electoral y publicado en el tabl\u00f3n de anuncios el Censo de los distintos sectores, as\u00ed como el calendario del proceso electoral. <br \/>Se van a elegir los representantes de los distintos sectores que constituyen la comunidad educativa de nuestro centro, mediante las correspondientes votaciones o designaciones:<\/p>\t\t\t\t\t\t<\/div>\n\t\t\t\t<\/div>\n\t\t\t\t\t<\/div>\n\t\t<\/div>\n\t\t\t\t\t\t\t<\/div>\n\t\t<\/section>\n\t\t\t\t<section class=\"elementor-section elementor-top-section elementor-element elementor-element-3ab76d4 elementor-section-boxed elementor-section-height-default elementor-section-height-default\" data-id=\"3ab76d4\" data-element_type=\"section\">\n\t\t\t\t\t\t<div class=\"elementor-container elementor-column-gap-default\">\n\t\t\t\t\t<div class=\"elementor-column elementor-col-50 elementor-top-column elementor-element elementor-element-1002a3c\" data-id=\"1002a3c\" data-element_type=\"column\">\n\t\t\t<div class=\"elementor-widget-wrap elementor-element-populated\">\n\t\t\t\t\t\t\t\t<div class=\"elementor-element elementor-element-646ee19 elementor-widget elementor-widget-text-editor\" data-id=\"646ee19\" data-element_type=\"widget\" data-widget_type=\"text-editor.default\">\n\t\t\t\t<div class=\"elementor-widget-container\">\n\t\t\t\t\t\t\t<p>SECTOR<\/p><ul><li>Sector del alumnado<\/li><li>Sector de padres, madres o tutores legales<\/li><li>Sector de padres, madres o tutores legales<\/li><li>Sector del profesorado<\/li><li>Sector de administraci\u00f3n y servicios<\/li><\/ul>\t\t\t\t\t\t<\/div>\n\t\t\t\t<\/div>\n\t\t\t\t\t<\/div>\n\t\t<\/div>\n\t\t\t\t<div class=\"elementor-column elementor-col-50 elementor-top-column elementor-element elementor-element-0f45b3a\" data-id=\"0f45b3a\" data-element_type=\"column\">\n\t\t\t<div class=\"elementor-widget-wrap elementor-element-populated\">\n\t\t\t\t\t\t\t\t<div class=\"elementor-element elementor-element-f10348e elementor-widget elementor-widget-text-editor\" data-id=\"f10348e\" data-element_type=\"widget\" data-widget_type=\"text-editor.default\">\n\t\t\t\t<div class=\"elementor-widget-container\">\n\t\t\t\t\t\t\t<p>N\u00b0 DE REPRESENTANTES A ELEGIR<\/p><ul><li>5 representantes elegidos por votaci\u00f3n <\/li><li>4 representantes elegidos por votaci\u00f3n<\/li><li>1 representante designado por el AMPA <\/li><li>8 representantes elegidos por votaci\u00f3n <\/li><li>1 representante elegido por votaci\u00f3n<\/li><\/ul>\t\t\t\t\t\t<\/div>\n\t\t\t\t<\/div>\n\t\t\t\t\t<\/div>\n\t\t<\/div>\n\t\t\t\t\t\t\t<\/div>\n\t\t<\/section>\n\t\t\t\t<section class=\"elementor-section elementor-top-section elementor-element elementor-element-89550c5 elementor-section-boxed elementor-section-height-default elementor-section-height-default\" data-id=\"89550c5\" data-element_type=\"section\">\n\t\t\t\t\t\t<div class=\"elementor-container elementor-column-gap-default\">\n\t\t\t\t\t<div class=\"elementor-column elementor-col-100 elementor-top-column elementor-element elementor-element-1ada428\" data-id=\"1ada428\" data-element_type=\"column\">\n\t\t\t<div class=\"elementor-widget-wrap elementor-element-populated\">\n\t\t\t\t\t\t\t\t<div class=\"elementor-element elementor-element-a36bfe1 elementor-widget elementor-widget-text-editor\" data-id=\"a36bfe1\" data-element_type=\"widget\" data-widget_type=\"text-editor.default\">\n\t\t\t\t<div class=\"elementor-widget-container\">\n\t\t\t\t\t\t\t<p>Las fechas m\u00e1s importantes dentro del calendario del proceso electoral son: <\/p><ul><li>El plazo de admisi\u00f3n de candidaturas ser\u00e1 el comprendido desde los d\u00edas 15 de octubre hasta el 28 de octubre de 2021 (ambos inclusive).<\/li><li>La Junta Electoral har\u00e1 p\u00fablica la lista provisional de personas candidatas el 29 de octubre y la lista definitiva el 3 de noviembre de 2021. <\/li><li>Desde el 4 de noviembre hasta el 12 de noviembre , periodo de campa\u00f1a electoral <\/li><li>D\u00eda 16 de noviembre , votaciones del sector del profesorado y del personal de administraci\u00f3n y servicios. <\/li><li>D\u00eda 17 de noviembre , votaciones del sector de padres, madres y personas que ejerzan la tutela legal del alumnado. <\/li><li>D\u00eda 18 de noviembre, votaciones del sector del alumnado. <\/li><li>La proclamaci\u00f3n de representantes electos deber\u00e1 realizarse antes del 2 de diciembre de 2021.<\/li><li>El plazo m\u00e1ximo de constituci\u00f3n del nuevo Consejo Escolar ser\u00e1 el d\u00eda 17 de diciembre de 2021.<\/li><\/ul><p>\u00a0<\/p><p>Los padres y madres interesados en pertenecer al Consejo Escolar, pod\u00e9is recoger los impresos para la candidatura en la Secretar\u00eda de nuestro centro.<\/p><p>\u00a0<\/p><p>Desde el IES Clara Campoamor queremos animarles a participar activamente en el proceso, ya sea presentando su candidatura o asistiendo a votar, dado que el Consejo Escolar es el m\u00e1ximo referente de participaci\u00f3n de toda la Comunidad Escolar en la gesti\u00f3n de un centro educativo.<br \/><br \/><\/p>\t\t\t\t\t\t<\/div>\n\t\t\t\t<\/div>\n\t\t\t\t\t<\/div>\n\t\t<\/div>\n\t\t\t\t\t\t\t<\/div>\n\t\t<\/section>\n\t\t\t\t\t\t\t<\/div>\n\t\t","protected":false},"excerpt":{"rendered":"<p>Durante este curso escolar se va a proceder a la renovaci\u00f3n del Consejo Escolar. Ya se encuentra constituida la Junta Electoral y publicado en el tabl\u00f3n de anuncios el Censo de los distintos sectores, as\u00ed como el calendario del proceso electoral. Se van a elegir los representantes de los distintos sectores que constituyen la comunidad &hellip;<\/p>\n<p class=\"read-more\"> <a class=\"\" href=\"https:\/\/www.iesclaracampoamor.org\/clara\/2021\/10\/17\/renovacion-del-consejo-escolar\/\"> <span class=\"screen-reader-text\">Renovaci\u00f3n del consejo Escolar<\/span> Leer m\u00e1s &raquo;<\/a><\/p>\n","protected":false},"author":1,"featured_media":0,"comment_status":"open","ping_status":"closed","sticky":false,"template":"","format":"standard","meta":{"site-sidebar-layout":"default","site-content-layout":"default","ast-site-content-layout":"","site-content-style":"default","site-sidebar-style":"default","ast-global-header-display":"","ast-banner-title-visibility":"","ast-main-header-display":"","ast-hfb-above-header-display":"","ast-hfb-below-header-display":"","ast-hfb-mobile-header-display":"","site-post-title":"","ast-breadcrumbs-content":"","ast-featured-img":"","footer-sml-layout":"","theme-transparent-header-meta":"default","adv-header-id-meta":"","stick-header-meta":"","header-above-stick-meta":"","header-main-stick-meta":"","header-below-stick-meta":"","astra-migrate-meta-layouts":"","ast-page-background-enabled":"default","ast-page-background-meta":{"desktop":{"background-color":"","background-image":"","background-repeat":"repeat","background-position":"center center","background-size":"auto","background-attachment":"scroll","background-type":"","background-media":"","overlay-type":"","overlay-color":"","overlay-gradient":""},"tablet":{"background-color":"","background-image":"","background-repeat":"repeat","background-position":"center center","background-size":"auto","background-attachment":"scroll","background-type":"","background-media":"","overlay-type":"","overlay-color":"","overlay-gradient":""},"mobile":{"background-color":"","background-image":"","background-repeat":"repeat","background-position":"center center","background-size":"auto","background-attachment":"scroll","background-type":"","background-media":"","overlay-type":"","overlay-color":"","overlay-gradient":""}},"ast-content-background-meta":{"desktop":{"background-color":"var(--ast-global-color-5)","background-image":"","background-repeat":"repeat","background-position":"center center","background-size":"auto","background-attachment":"scroll","background-type":"","background-media":"","overlay-type":"","overlay-color":"","overlay-gradient":""},"tablet":{"background-color":"var(--ast-global-color-5)","background-image":"","background-repeat":"repeat","background-position":"center center","background-size":"auto","background-attachment":"scroll","background-type":"","background-media":"","overlay-type":"","overlay-color":"","overlay-gradient":""},"mobile":{"background-color":"var(--ast-global-color-5)","background-image":"","background-repeat":"repeat","background-position":"center center","background-size":"auto","background-attachment":"scroll","background-type":"","background-media":"","overlay-type":"","overlay-color":"","overlay-gradient":""}},"footnotes":""},"categories":[1],"tags":[77],"class_list":["post-2014","post","type-post","status-publish","format-standard","hentry","category-general","tag-consejo-escolar"],"_links":{"self":[{"href":"https:\/\/www.iesclaracampoamor.org\/clara\/wp-json\/wp\/v2\/posts\/2014","targetHints":{"allow":["GET"]}}],"collection":[{"href":"https:\/\/www.iesclaracampoamor.org\/clara\/wp-json\/wp\/v2\/posts"}],"about":[{"href":"https:\/\/www.iesclaracampoamor.org\/clara\/wp-json\/wp\/v2\/types\/post"}],"author":[{"embeddable":true,"href":"https:\/\/www.iesclaracampoamor.org\/clara\/wp-json\/wp\/v2\/users\/1"}],"replies":[{"embeddable":true,"href":"https:\/\/www.iesclaracampoamor.org\/clara\/wp-json\/wp\/v2\/comments?post=2014"}],"version-history":[{"count":7,"href":"https:\/\/www.iesclaracampoamor.org\/clara\/wp-json\/wp\/v2\/posts\/2014\/revisions"}],"predecessor-version":[{"id":2021,"href":"https:\/\/www.iesclaracampoamor.org\/clara\/wp-json\/wp\/v2\/posts\/2014\/revisions\/2021"}],"wp:attachment":[{"href":"https:\/\/www.iesclaracampoamor.org\/clara\/wp-json\/wp\/v2\/media?parent=2014"}],"wp:term":[{"taxonomy":"category","embeddable":true,"href":"https:\/\/www.iesclaracampoamor.org\/clara\/wp-json\/wp\/v2\/categories?post=2014"},{"taxonomy":"post_tag","embeddable":true,"href":"https:\/\/www.iesclaracampoamor.org\/clara\/wp-json\/wp\/v2\/tags?post=2014"}],"curies":[{"name":"wp","href":"https:\/\/api.w.org\/{rel}","templated":true}]}}