{"id":2260,"date":"2021-12-20T16:14:32","date_gmt":"2021-12-20T16:14:32","guid":{"rendered":"https:\/\/www.iesclaracampoamor.org\/clara\/?p=2260"},"modified":"2021-12-20T16:16:20","modified_gmt":"2021-12-20T16:16:20","slug":"programa-vivir-y-sentir-el-patrimonio","status":"publish","type":"post","link":"https:\/\/www.iesclaracampoamor.org\/clara\/2021\/12\/20\/programa-vivir-y-sentir-el-patrimonio\/","title":{"rendered":"Programa Vivir y Sentir el Patrimonio"},"content":{"rendered":"\t\t<div data-elementor-type=\"wp-post\" data-elementor-id=\"2260\" class=\"elementor elementor-2260\">\n\t\t\t\t\t\t\t\t\t<section class=\"elementor-section elementor-top-section elementor-element elementor-element-b3eb4fa elementor-section-boxed elementor-section-height-default elementor-section-height-default\" data-id=\"b3eb4fa\" data-element_type=\"section\">\n\t\t\t\t\t\t<div class=\"elementor-container elementor-column-gap-default\">\n\t\t\t\t\t<div class=\"elementor-column elementor-col-100 elementor-top-column elementor-element elementor-element-f4174e2\" data-id=\"f4174e2\" data-element_type=\"column\">\n\t\t\t<div class=\"elementor-widget-wrap elementor-element-populated\">\n\t\t\t\t\t\t\t\t<div class=\"elementor-element elementor-element-b397135 elementor-widget elementor-widget-text-editor\" data-id=\"b397135\" data-element_type=\"widget\" data-widget_type=\"text-editor.default\">\n\t\t\t\t<div class=\"elementor-widget-container\">\n\t\t\t\t\t\t\t<p>Los alumnos de 1 y 2 de ESO han asistido los d\u00edas 15 y 16 de diciembre a una charla sobre la labor de protecci\u00f3n del Patrimonio que lleva a cabo el Servicio de Protecci\u00f3n de la Naturaleza (SEPRONA). Dicha charla se enmarca dentro de las actividades previstas dentro del Programa Vivir y Sentir el Patrimonio que coordina el profesor Manuel Tenor y en el que participa Nuestro Centro. Agradecer al puesto de la Guardia Civil de Lucena su colaboraci\u00f3n en dicha actividad.<\/p>\t\t\t\t\t\t<\/div>\n\t\t\t\t<\/div>\n\t\t\t\t\t<\/div>\n\t\t<\/div>\n\t\t\t\t\t\t\t<\/div>\n\t\t<\/section>\n\t\t\t\t<section class=\"elementor-section elementor-top-section elementor-element elementor-element-acebaa7 elementor-section-boxed elementor-section-height-default elementor-section-height-default\" data-id=\"acebaa7\" data-element_type=\"section\">\n\t\t\t\t\t\t<div class=\"elementor-container elementor-column-gap-default\">\n\t\t\t\t\t<div class=\"elementor-column elementor-col-100 elementor-top-column elementor-element elementor-element-94b45c4\" data-id=\"94b45c4\" data-element_type=\"column\">\n\t\t\t<div class=\"elementor-widget-wrap elementor-element-populated\">\n\t\t\t\t\t\t\t\t<div class=\"elementor-element elementor-element-e9e3dc6 elementor-widget elementor-widget-gallery\" data-id=\"e9e3dc6\" data-element_type=\"widget\" data-settings=\"{&quot;lazyload&quot;:&quot;yes&quot;,&quot;gallery_layout&quot;:&quot;grid&quot;,&quot;columns&quot;:4,&quot;columns_tablet&quot;:2,&quot;columns_mobile&quot;:1,&quot;gap&quot;:{&quot;unit&quot;:&quot;px&quot;,&quot;size&quot;:10,&quot;sizes&quot;:[]},&quot;gap_tablet&quot;:{&quot;unit&quot;:&quot;px&quot;,&quot;size&quot;:10,&quot;sizes&quot;:[]},&quot;gap_mobile&quot;:{&quot;unit&quot;:&quot;px&quot;,&quot;size&quot;:10,&quot;sizes&quot;:[]},&quot;link_to&quot;:&quot;file&quot;,&quot;aspect_ratio&quot;:&quot;3:2&quot;,&quot;overlay_background&quot;:&quot;yes&quot;,&quot;content_hover_animation&quot;:&quot;fade-in&quot;}\" data-widget_type=\"gallery.default\">\n\t\t\t\t<div class=\"elementor-widget-container\">\n\t\t\t\t\t<div class=\"elementor-gallery__container\">\n\t\t\t\t\t\t\t<a class=\"e-gallery-item elementor-gallery-item elementor-animated-content\" href=\"https:\/\/www.iesclaracampoamor.org\/clara\/wp-content\/uploads\/2021\/12\/WhatsApp-Image-2021-12-17-at-11.14.56-1.jpeg\" data-elementor-open-lightbox=\"yes\" data-elementor-lightbox-slideshow=\"all-e9e3dc6\" data-e-action-hash=\"#elementor-action%3Aaction%3Dlightbox%26settings%3DeyJpZCI6MjI2MiwidXJsIjoiaHR0cHM6XC9cL3d3dy5pZXNjbGFyYWNhbXBvYW1vci5vcmdcL2NsYXJhXC93cC1jb250ZW50XC91cGxvYWRzXC8yMDIxXC8xMlwvV2hhdHNBcHAtSW1hZ2UtMjAyMS0xMi0xNy1hdC0xMS4xNC41Ni0xLmpwZWciLCJzbGlkZXNob3ciOiJhbGwtZTllM2RjNiJ9\">\n\t\t\t\t\t<div class=\"e-gallery-image elementor-gallery-item__image\" data-thumbnail=\"https:\/\/www.iesclaracampoamor.org\/clara\/wp-content\/uploads\/2021\/12\/WhatsApp-Image-2021-12-17-at-11.14.56-1-300x225.jpeg\" data-width=\"300\" data-height=\"225\" alt=\"\" ><\/div>\n\t\t\t\t\t\t\t\t\t\t\t<div class=\"elementor-gallery-item__overlay\"><\/div>\n\t\t\t\t\t\t\t\t\t\t\t\t\t\t<\/a>\n\t\t\t\t\t\t\t<a class=\"e-gallery-item elementor-gallery-item elementor-animated-content\" href=\"https:\/\/www.iesclaracampoamor.org\/clara\/wp-content\/uploads\/2021\/12\/WhatsApp-Image-2021-12-17-at-11.14.56-2.jpeg\" data-elementor-open-lightbox=\"yes\" data-elementor-lightbox-slideshow=\"all-e9e3dc6\" data-e-action-hash=\"#elementor-action%3Aaction%3Dlightbox%26settings%3DeyJpZCI6MjI2MywidXJsIjoiaHR0cHM6XC9cL3d3dy5pZXNjbGFyYWNhbXBvYW1vci5vcmdcL2NsYXJhXC93cC1jb250ZW50XC91cGxvYWRzXC8yMDIxXC8xMlwvV2hhdHNBcHAtSW1hZ2UtMjAyMS0xMi0xNy1hdC0xMS4xNC41Ni0yLmpwZWciLCJzbGlkZXNob3ciOiJhbGwtZTllM2RjNiJ9\">\n\t\t\t\t\t<div class=\"e-gallery-image elementor-gallery-item__image\" data-thumbnail=\"https:\/\/www.iesclaracampoamor.org\/clara\/wp-content\/uploads\/2021\/12\/WhatsApp-Image-2021-12-17-at-11.14.56-2-300x225.jpeg\" data-width=\"300\" data-height=\"225\" alt=\"\" ><\/div>\n\t\t\t\t\t\t\t\t\t\t\t<div class=\"elementor-gallery-item__overlay\"><\/div>\n\t\t\t\t\t\t\t\t\t\t\t\t\t\t<\/a>\n\t\t\t\t\t\t\t<a class=\"e-gallery-item elementor-gallery-item elementor-animated-content\" href=\"https:\/\/www.iesclaracampoamor.org\/clara\/wp-content\/uploads\/2021\/12\/WhatsApp-Image-2021-12-17-at-11.14.56-3.jpeg\" data-elementor-open-lightbox=\"yes\" data-elementor-lightbox-slideshow=\"all-e9e3dc6\" data-e-action-hash=\"#elementor-action%3Aaction%3Dlightbox%26settings%3DeyJpZCI6MjI2NCwidXJsIjoiaHR0cHM6XC9cL3d3dy5pZXNjbGFyYWNhbXBvYW1vci5vcmdcL2NsYXJhXC93cC1jb250ZW50XC91cGxvYWRzXC8yMDIxXC8xMlwvV2hhdHNBcHAtSW1hZ2UtMjAyMS0xMi0xNy1hdC0xMS4xNC41Ni0zLmpwZWciLCJzbGlkZXNob3ciOiJhbGwtZTllM2RjNiJ9\">\n\t\t\t\t\t<div class=\"e-gallery-image elementor-gallery-item__image\" data-thumbnail=\"https:\/\/www.iesclaracampoamor.org\/clara\/wp-content\/uploads\/2021\/12\/WhatsApp-Image-2021-12-17-at-11.14.56-3-300x225.jpeg\" data-width=\"300\" data-height=\"225\" alt=\"\" ><\/div>\n\t\t\t\t\t\t\t\t\t\t\t<div class=\"elementor-gallery-item__overlay\"><\/div>\n\t\t\t\t\t\t\t\t\t\t\t\t\t\t<\/a>\n\t\t\t\t\t\t\t<a class=\"e-gallery-item elementor-gallery-item elementor-animated-content\" href=\"https:\/\/www.iesclaracampoamor.org\/clara\/wp-content\/uploads\/2021\/12\/WhatsApp-Image-2021-12-17-at-11.14.56.jpeg\" data-elementor-open-lightbox=\"yes\" data-elementor-lightbox-slideshow=\"all-e9e3dc6\" data-e-action-hash=\"#elementor-action%3Aaction%3Dlightbox%26settings%3DeyJpZCI6MjI2NSwidXJsIjoiaHR0cHM6XC9cL3d3dy5pZXNjbGFyYWNhbXBvYW1vci5vcmdcL2NsYXJhXC93cC1jb250ZW50XC91cGxvYWRzXC8yMDIxXC8xMlwvV2hhdHNBcHAtSW1hZ2UtMjAyMS0xMi0xNy1hdC0xMS4xNC41Ni5qcGVnIiwic2xpZGVzaG93IjoiYWxsLWU5ZTNkYzYifQ%3D%3D\">\n\t\t\t\t\t<div class=\"e-gallery-image elementor-gallery-item__image\" data-thumbnail=\"https:\/\/www.iesclaracampoamor.org\/clara\/wp-content\/uploads\/2021\/12\/WhatsApp-Image-2021-12-17-at-11.14.56-300x225.jpeg\" data-width=\"300\" data-height=\"225\" alt=\"\" ><\/div>\n\t\t\t\t\t\t\t\t\t\t\t<div class=\"elementor-gallery-item__overlay\"><\/div>\n\t\t\t\t\t\t\t\t\t\t\t\t\t\t<\/a>\n\t\t\t\t\t<\/div>\n\t\t\t<\/div>\n\t\t\t\t<\/div>\n\t\t\t\t\t<\/div>\n\t\t<\/div>\n\t\t\t\t\t\t\t<\/div>\n\t\t<\/section>\n\t\t\t\t\t\t\t<\/div>\n\t\t","protected":false},"excerpt":{"rendered":"<p>Los alumnos de 1 y 2 de ESO han asistido los d\u00edas 15 y 16 de diciembre a una charla sobre la labor de protecci\u00f3n del Patrimonio que lleva a cabo el Servicio de Protecci\u00f3n de la Naturaleza (SEPRONA). Dicha charla se enmarca dentro de las actividades previstas dentro del Programa Vivir y Sentir el &hellip;<\/p>\n<p class=\"read-more\"> <a class=\"\" href=\"https:\/\/www.iesclaracampoamor.org\/clara\/2021\/12\/20\/programa-vivir-y-sentir-el-patrimonio\/\"> <span class=\"screen-reader-text\">Programa Vivir y Sentir el Patrimonio<\/span> Leer m\u00e1s &raquo;<\/a><\/p>\n","protected":false},"author":1,"featured_media":2265,"comment_status":"open","ping_status":"closed","sticky":false,"template":"","format":"standard","meta":{"site-sidebar-layout":"default","site-content-layout":"","ast-site-content-layout":"","site-content-style":"default","site-sidebar-style":"default","ast-global-header-display":"","ast-banner-title-visibility":"","ast-main-header-display":"","ast-hfb-above-header-display":"","ast-hfb-below-header-display":"","ast-hfb-mobile-header-display":"","site-post-title":"","ast-breadcrumbs-content":"","ast-featured-img":"","footer-sml-layout":"","theme-transparent-header-meta":"","adv-header-id-meta":"","stick-header-meta":"","header-above-stick-meta":"","header-main-stick-meta":"","header-below-stick-meta":"","astra-migrate-meta-layouts":"","ast-page-background-enabled":"default","ast-page-background-meta":{"desktop":{"background-color":"","background-image":"","background-repeat":"repeat","background-position":"center center","background-size":"auto","background-attachment":"scroll","background-type":"","background-media":"","overlay-type":"","overlay-color":"","overlay-gradient":""},"tablet":{"background-color":"","background-image":"","background-repeat":"repeat","background-position":"center center","background-size":"auto","background-attachment":"scroll","background-type":"","background-media":"","overlay-type":"","overlay-color":"","overlay-gradient":""},"mobile":{"background-color":"","background-image":"","background-repeat":"repeat","background-position":"center center","background-size":"auto","background-attachment":"scroll","background-type":"","background-media":"","overlay-type":"","overlay-color":"","overlay-gradient":""}},"ast-content-background-meta":{"desktop":{"background-color":"var(--ast-global-color-5)","background-image":"","background-repeat":"repeat","background-position":"center center","background-size":"auto","background-attachment":"scroll","background-type":"","background-media":"","overlay-type":"","overlay-color":"","overlay-gradient":""},"tablet":{"background-color":"var(--ast-global-color-5)","background-image":"","background-repeat":"repeat","background-position":"center center","background-size":"auto","background-attachment":"scroll","background-type":"","background-media":"","overlay-type":"","overlay-color":"","overlay-gradient":""},"mobile":{"background-color":"var(--ast-global-color-5)","background-image":"","background-repeat":"repeat","background-position":"center center","background-size":"auto","background-attachment":"scroll","background-type":"","background-media":"","overlay-type":"","overlay-color":"","overlay-gradient":""}},"footnotes":""},"categories":[1],"tags":[],"class_list":["post-2260","post","type-post","status-publish","format-standard","has-post-thumbnail","hentry","category-general"],"_links":{"self":[{"href":"https:\/\/www.iesclaracampoamor.org\/clara\/wp-json\/wp\/v2\/posts\/2260","targetHints":{"allow":["GET"]}}],"collection":[{"href":"https:\/\/www.iesclaracampoamor.org\/clara\/wp-json\/wp\/v2\/posts"}],"about":[{"href":"https:\/\/www.iesclaracampoamor.org\/clara\/wp-json\/wp\/v2\/types\/post"}],"author":[{"embeddable":true,"href":"https:\/\/www.iesclaracampoamor.org\/clara\/wp-json\/wp\/v2\/users\/1"}],"replies":[{"embeddable":true,"href":"https:\/\/www.iesclaracampoamor.org\/clara\/wp-json\/wp\/v2\/comments?post=2260"}],"version-history":[{"count":4,"href":"https:\/\/www.iesclaracampoamor.org\/clara\/wp-json\/wp\/v2\/posts\/2260\/revisions"}],"predecessor-version":[{"id":2268,"href":"https:\/\/www.iesclaracampoamor.org\/clara\/wp-json\/wp\/v2\/posts\/2260\/revisions\/2268"}],"wp:featuredmedia":[{"embeddable":true,"href":"https:\/\/www.iesclaracampoamor.org\/clara\/wp-json\/wp\/v2\/media\/2265"}],"wp:attachment":[{"href":"https:\/\/www.iesclaracampoamor.org\/clara\/wp-json\/wp\/v2\/media?parent=2260"}],"wp:term":[{"taxonomy":"category","embeddable":true,"href":"https:\/\/www.iesclaracampoamor.org\/clara\/wp-json\/wp\/v2\/categories?post=2260"},{"taxonomy":"post_tag","embeddable":true,"href":"https:\/\/www.iesclaracampoamor.org\/clara\/wp-json\/wp\/v2\/tags?post=2260"}],"curies":[{"name":"wp","href":"https:\/\/api.w.org\/{rel}","templated":true}]}}