{"id":2661,"date":"2022-04-03T17:25:36","date_gmt":"2022-04-03T17:25:36","guid":{"rendered":"https:\/\/www.iesclaracampoamor.org\/clara\/?p=2661"},"modified":"2022-04-03T17:27:29","modified_gmt":"2022-04-03T17:27:29","slug":"dia-del-autismo","status":"publish","type":"post","link":"https:\/\/www.iesclaracampoamor.org\/clara\/2022\/04\/03\/dia-del-autismo\/","title":{"rendered":"D\u00eda del autismo"},"content":{"rendered":"\t\t<div data-elementor-type=\"wp-post\" data-elementor-id=\"2661\" class=\"elementor elementor-2661\">\n\t\t\t\t\t\t\t\t\t<section class=\"elementor-section elementor-top-section elementor-element elementor-element-b0529c5 elementor-section-boxed elementor-section-height-default elementor-section-height-default\" data-id=\"b0529c5\" data-element_type=\"section\">\n\t\t\t\t\t\t<div class=\"elementor-container elementor-column-gap-default\">\n\t\t\t\t\t<div class=\"elementor-column elementor-col-100 elementor-top-column elementor-element elementor-element-6d184c8\" data-id=\"6d184c8\" data-element_type=\"column\">\n\t\t\t<div class=\"elementor-widget-wrap elementor-element-populated\">\n\t\t\t\t\t\t\t\t<div class=\"elementor-element elementor-element-8c0b28c elementor-widget elementor-widget-text-editor\" data-id=\"8c0b28c\" data-element_type=\"widget\" data-widget_type=\"text-editor.default\">\n\t\t\t\t<div class=\"elementor-widget-container\">\n\t\t\t\t\t\t\t<div dir=\"auto\">El d\u00eda 2 de Abril se celebramos el d\u00eda de concienciaci\u00f3n sobre el autismo y el departamento de orientaci\u00f3n ha elaborado un genially para que pod\u00e1is sensibilizar sobre las personas con TEA, en el que aparece diversa informaci\u00f3n (concepto, v\u00eddeo, escape room y juego).<\/div><div dir=\"auto\">\u00a0<\/div><div dir=\"auto\">Adem\u00e1s nos hicimos unas fotos con\u00a0 gafas especiales y \u00abmirar al mundo de color azul\u00bb.<\/div><div dir=\"auto\">\u00a0<\/div><div dir=\"auto\">Un saludo y que paseis buena tarde!<\/div><div dir=\"auto\">\u00a0<\/div><p><a href=\"https:\/\/view.genial.ly\/6245caeca5fc530011ac14ed\/presentation-2-de-abril-dia-concienciacion-del-autismo\">https:\/\/view.genial.ly\/6245caeca5fc530011ac14ed\/presentation-2-de-abril-dia-concienciacion-del-autismo<\/a><\/p>\t\t\t\t\t\t<\/div>\n\t\t\t\t<\/div>\n\t\t\t\t\t<\/div>\n\t\t<\/div>\n\t\t\t\t\t\t\t<\/div>\n\t\t<\/section>\n\t\t\t\t\t\t\t<\/div>\n\t\t","protected":false},"excerpt":{"rendered":"<p>El d\u00eda 2 de Abril se celebramos el d\u00eda de concienciaci\u00f3n sobre el autismo y el departamento de orientaci\u00f3n ha elaborado un genially para que pod\u00e1is sensibilizar sobre las personas con TEA, en el que aparece diversa informaci\u00f3n (concepto, v\u00eddeo, escape room y juego).&nbsp;Adem\u00e1s nos hicimos unas fotos con&nbsp; gafas especiales y \u00abmirar al mundo &hellip;<\/p>\n<p class=\"read-more\"> <a class=\"\" href=\"https:\/\/www.iesclaracampoamor.org\/clara\/2022\/04\/03\/dia-del-autismo\/\"> <span class=\"screen-reader-text\">D\u00eda del autismo<\/span> Leer m\u00e1s &raquo;<\/a><\/p>\n","protected":false},"author":1,"featured_media":2657,"comment_status":"open","ping_status":"closed","sticky":false,"template":"","format":"standard","meta":{"site-sidebar-layout":"default","site-content-layout":"","ast-site-content-layout":"","site-content-style":"default","site-sidebar-style":"default","ast-global-header-display":"","ast-banner-title-visibility":"","ast-main-header-display":"","ast-hfb-above-header-display":"","ast-hfb-below-header-display":"","ast-hfb-mobile-header-display":"","site-post-title":"","ast-breadcrumbs-content":"","ast-featured-img":"","footer-sml-layout":"","theme-transparent-header-meta":"","adv-header-id-meta":"","stick-header-meta":"","header-above-stick-meta":"","header-main-stick-meta":"","header-below-stick-meta":"","astra-migrate-meta-layouts":"","ast-page-background-enabled":"default","ast-page-background-meta":{"desktop":{"background-color":"","background-image":"","background-repeat":"repeat","background-position":"center center","background-size":"auto","background-attachment":"scroll","background-type":"","background-media":"","overlay-type":"","overlay-color":"","overlay-gradient":""},"tablet":{"background-color":"","background-image":"","background-repeat":"repeat","background-position":"center center","background-size":"auto","background-attachment":"scroll","background-type":"","background-media":"","overlay-type":"","overlay-color":"","overlay-gradient":""},"mobile":{"background-color":"","background-image":"","background-repeat":"repeat","background-position":"center center","background-size":"auto","background-attachment":"scroll","background-type":"","background-media":"","overlay-type":"","overlay-color":"","overlay-gradient":""}},"ast-content-background-meta":{"desktop":{"background-color":"var(--ast-global-color-5)","background-image":"","background-repeat":"repeat","background-position":"center center","background-size":"auto","background-attachment":"scroll","background-type":"","background-media":"","overlay-type":"","overlay-color":"","overlay-gradient":""},"tablet":{"background-color":"var(--ast-global-color-5)","background-image":"","background-repeat":"repeat","background-position":"center center","background-size":"auto","background-attachment":"scroll","background-type":"","background-media":"","overlay-type":"","overlay-color":"","overlay-gradient":""},"mobile":{"background-color":"var(--ast-global-color-5)","background-image":"","background-repeat":"repeat","background-position":"center center","background-size":"auto","background-attachment":"scroll","background-type":"","background-media":"","overlay-type":"","overlay-color":"","overlay-gradient":""}},"footnotes":""},"categories":[1,12],"tags":[],"class_list":["post-2661","post","type-post","status-publish","format-standard","has-post-thumbnail","hentry","category-general","category-orientacion-educativa"],"_links":{"self":[{"href":"https:\/\/www.iesclaracampoamor.org\/clara\/wp-json\/wp\/v2\/posts\/2661","targetHints":{"allow":["GET"]}}],"collection":[{"href":"https:\/\/www.iesclaracampoamor.org\/clara\/wp-json\/wp\/v2\/posts"}],"about":[{"href":"https:\/\/www.iesclaracampoamor.org\/clara\/wp-json\/wp\/v2\/types\/post"}],"author":[{"embeddable":true,"href":"https:\/\/www.iesclaracampoamor.org\/clara\/wp-json\/wp\/v2\/users\/1"}],"replies":[{"embeddable":true,"href":"https:\/\/www.iesclaracampoamor.org\/clara\/wp-json\/wp\/v2\/comments?post=2661"}],"version-history":[{"count":5,"href":"https:\/\/www.iesclaracampoamor.org\/clara\/wp-json\/wp\/v2\/posts\/2661\/revisions"}],"predecessor-version":[{"id":2666,"href":"https:\/\/www.iesclaracampoamor.org\/clara\/wp-json\/wp\/v2\/posts\/2661\/revisions\/2666"}],"wp:featuredmedia":[{"embeddable":true,"href":"https:\/\/www.iesclaracampoamor.org\/clara\/wp-json\/wp\/v2\/media\/2657"}],"wp:attachment":[{"href":"https:\/\/www.iesclaracampoamor.org\/clara\/wp-json\/wp\/v2\/media?parent=2661"}],"wp:term":[{"taxonomy":"category","embeddable":true,"href":"https:\/\/www.iesclaracampoamor.org\/clara\/wp-json\/wp\/v2\/categories?post=2661"},{"taxonomy":"post_tag","embeddable":true,"href":"https:\/\/www.iesclaracampoamor.org\/clara\/wp-json\/wp\/v2\/tags?post=2661"}],"curies":[{"name":"wp","href":"https:\/\/api.w.org\/{rel}","templated":true}]}}